{"id":16421,"date":"2015-07-22T12:27:44","date_gmt":"2015-07-22T10:27:44","guid":{"rendered":"https:\/\/www.lernfabrik.karlsruhe.de\/?p=16421"},"modified":"2020-02-20T13:50:06","modified_gmt":"2020-02-20T12:50:06","slug":"veroeffentlichung-foerderaufruf","status":"publish","type":"post","link":"https:\/\/www.lernfabrik.karlsruhe.de\/?p=16421","title":{"rendered":"Ver\u00f6ffentlichung F\u00f6rderaufruf"},"content":{"rendered":"<div class=\"wpb-content-wrapper\"><p>[vc_row row_type=&#8220;row&#8220; use_row_as_full_screen_section=&#8220;no&#8220; type=&#8220;full_width&#8220; angled_section=&#8220;no&#8220; text_align=&#8220;left&#8220; background_image_as_pattern=&#8220;without_pattern&#8220; css_animation=&#8220;&#8220;][vc_column][vc_empty_space][vc_column_text]F\u00f6rderaufruf Lernfabrik 4.0 des Baden-W\u00fcrttemberger Landesministeriums f\u00fcr Finanzen und Wirtschaft<\/p>\n<p><strong>22. Juli 2015<\/strong>[\/vc_column_text][vc_empty_space height=&#8220;50px&#8220;][vc_column_text]<strong>Weitere Informationen:<\/strong><br \/>\n<a href=\"https:\/\/www.baden-wuerttemberg.de\/de\/service\/presse\/pressemitteilung\/pid\/foerderaufruf-zu-lernfabriken-40-an-beruflichen-schulen-in-baden-wuerttemberg\/\" target=\"_blank\" rel=\"noopener noreferrer\">www.baden-wuerttemberg.de\/de\/service\/presse\/pressemitteilung\/pid\/foerderaufruf-zu-lernfabriken-40-an-beruflichen-schulen-in-baden-wuerttemberg\/<\/a>[\/vc_column_text][vc_empty_space][\/vc_column][\/vc_row]<\/p>\n<\/div>","protected":false},"excerpt":{"rendered":"<p>F\u00f6rderaufruf Lernfabrik 4.0 des Baden-W\u00fcrttemberger Landesministeriums f\u00fcr Finanzen und Wirtschaft<\/p>\n","protected":false},"author":1,"featured_media":15644,"comment_status":"closed","ping_status":"closed","sticky":false,"template":"","format":"standard","meta":{"footnotes":""},"categories":[179],"tags":[],"class_list":["post-16421","post","type-post","status-publish","format-standard","has-post-thumbnail","hentry","category-179"],"_links":{"self":[{"href":"https:\/\/www.lernfabrik.karlsruhe.de\/index.php?rest_route=\/wp\/v2\/posts\/16421","targetHints":{"allow":["GET"]}}],"collection":[{"href":"https:\/\/www.lernfabrik.karlsruhe.de\/index.php?rest_route=\/wp\/v2\/posts"}],"about":[{"href":"https:\/\/www.lernfabrik.karlsruhe.de\/index.php?rest_route=\/wp\/v2\/types\/post"}],"author":[{"embeddable":true,"href":"https:\/\/www.lernfabrik.karlsruhe.de\/index.php?rest_route=\/wp\/v2\/users\/1"}],"replies":[{"embeddable":true,"href":"https:\/\/www.lernfabrik.karlsruhe.de\/index.php?rest_route=%2Fwp%2Fv2%2Fcomments&post=16421"}],"version-history":[{"count":10,"href":"https:\/\/www.lernfabrik.karlsruhe.de\/index.php?rest_route=\/wp\/v2\/posts\/16421\/revisions"}],"predecessor-version":[{"id":16438,"href":"https:\/\/www.lernfabrik.karlsruhe.de\/index.php?rest_route=\/wp\/v2\/posts\/16421\/revisions\/16438"}],"wp:featuredmedia":[{"embeddable":true,"href":"https:\/\/www.lernfabrik.karlsruhe.de\/index.php?rest_route=\/wp\/v2\/media\/15644"}],"wp:attachment":[{"href":"https:\/\/www.lernfabrik.karlsruhe.de\/index.php?rest_route=%2Fwp%2Fv2%2Fmedia&parent=16421"}],"wp:term":[{"taxonomy":"category","embeddable":true,"href":"https:\/\/www.lernfabrik.karlsruhe.de\/index.php?rest_route=%2Fwp%2Fv2%2Fcategories&post=16421"},{"taxonomy":"post_tag","embeddable":true,"href":"https:\/\/www.lernfabrik.karlsruhe.de\/index.php?rest_route=%2Fwp%2Fv2%2Ftags&post=16421"}],"curies":[{"name":"wp","href":"https:\/\/api.w.org\/{rel}","templated":true}]}}